{"id":690,"date":"2025-06-02T10:28:12","date_gmt":"2025-06-02T10:28:12","guid":{"rendered":"https:\/\/www.ydros.com\/?p=690"},"modified":"2025-06-02T10:44:13","modified_gmt":"2025-06-02T10:44:13","slug":"inercias-invisibles-1","status":"publish","type":"post","link":"https:\/\/www.ydros.com\/en\/inercias-invisibles-1\/","title":{"rendered":"Inercias Invisibles (1):"},"content":{"rendered":"<p><strong><strong>\u00bfQu\u00e9 ocurre cuando la comunicaci\u00f3n se convierte en un obst\u00e1culo en lugar de un puente?<\/strong><\/strong><\/p>\n\n\n\n<p>Todos estamos de acuerdo: la comunicaci\u00f3n es la primera herramienta de trabajo para una gran cantidad de profesionales. Es el eje que mueve reuniones, proyectos y relaciones interpersonales en cualquier \u00e1mbito laboral. <strong>Sin embargo, \u00bfqu\u00e9 pasa cuando asumimos que comunicar es suficiente para conectar?<\/strong><\/p>\n\n\n\n<details class=\"wp-block-details has-zeever-third-color has-text-color has-link-color wp-elements-3d2c8636a7a96d184db6be63198f8a8f is-layout-flow wp-block-details-is-layout-flow\"><summary><strong><strong><strong>\u00bfQu\u00e9 ocurre cuando la comunicaci\u00f3n se convierte en un obst\u00e1culo en lugar de un puente?<\/strong><\/strong><\/strong><\/summary>\n<p><\/p>\n\n\n\n<p>Todos estamos de acuerdo: la comunicaci\u00f3n es la primera herramienta de trabajo para una gran cantidad de profesionales. Es el eje que mueve reuniones, proyectos y relaciones interpersonales en cualquier \u00e1mbito laboral. <strong>Sin embargo, \u00bfqu\u00e9 pasa cuando asumimos que comunicar es suficiente para conectar?<\/strong><\/p>\n\n\n\n<p>Este pensamiento, aunque com\u00fan, es un gran error. Y es que, parad\u00f3jicamente, la comunicaci\u00f3n, esa herramienta que deber\u00eda facilitar todo, a menudo se convierte en uno de los principales obst\u00e1culos en la gesti\u00f3n de personas. <strong>\u00bfPor qu\u00e9 ocurre esto si la comunicaci\u00f3n deber\u00eda ser nuestra aliada?<\/strong><\/p>\n\n\n\n<p>Comunicar no es solo hablar, escribir o transmitir un mensaje. Comunicar es asegurarse de que lo que expresamos sea interpretado de la manera correcta, adaptado a los diferentes contextos y personas con las que interactuamos. Un mensaje claro para ti puede ser ambiguo para otro. <strong>La instrucci\u00f3n m\u00e1s l\u00f3gica para ti puede sembrar dudas en tu equipo si no se comunica adecuadamente.<\/strong><\/p>\n\n\n\n<p>Cuando no entendemos esto, caemos en malentendidos, duplicidad de esfuerzos y hasta conflictos que podr\u00edan haberse evitado con una comunicaci\u00f3n m\u00e1s consciente y efectiva. Gestionar personas requiere mucho m\u00e1s que hablar; requiere escuchar, observar, preguntar y confirmar<strong>. <\/strong><em>Gestionar personas requiere mucho m\u00e1s que hablar; requiere escuchar, observar, preguntar y confirmar.<\/em><\/p>\n\n\n\n<p>La pr\u00f3xima vez que asumas que tu mensaje fue claro, detente. Pregunta, valida, y aseg\u00farate de que la comunicaci\u00f3n, en lugar de ser un obst\u00e1culo, sea la poderosa herramienta que de verdad puede ser. Porque el \u00e9xito en la gesti\u00f3n no comienza con grandes estrategias, sino con un entendimiento real y mutuo.<\/p>\n\n\n\n<p><\/p>\n\n\n\n<p><strong>\ud83d\udc49<\/strong><strong> Las inercias invisibles que sabotean nuestras relaciones<\/strong><\/p>\n\n\n\n<p>Muchos profesionales consideran que la comunicaci\u00f3n es su aliada, confiando en que lo que expresan se entiende a la perfecci\u00f3n. Sin embargo, la realidad es otra: el verdadero obst\u00e1culo no es lo que decimos, sino c\u00f3mo lo decimos y c\u00f3mo se interpreta.<\/p>\n\n\n\n<p>El problema no radica en la falta de recursos, sino en las inercias culturales y emocionales que arrastramos. Improvisamos mensajes importantes, reaccionamos desde las emociones y olvidamos que el tono, el entorno y las formas pesan m\u00e1s que el contenido.<\/p>\n\n\n\n<p>\ud83d\udc49 <strong>Transforma la comunicaci\u00f3n en tu herramienta m\u00e1s poderosa<\/strong><\/p>\n\n\n\n<p>Gestionar personas requiere m\u00e1s que transmitir ideas: requiere planificar c\u00f3mo hacerlo. En m\u00e1s del 90% de las interacciones, la clave no est\u00e1 en las palabras, sino en su ejecuci\u00f3n. Es hora de hacer consciente lo inconsciente. La comunicaci\u00f3n puede ser nuestra mejor herramienta si aprendemos a entrenarla y planificarla, en lugar de dejarla en manos de la improvisaci\u00f3n.<\/p>\n\n\n\n<p><\/p>\n\n\n\n<p><\/p>\n\n\n\n<p>Agradecimientos: Luma y Dall-E<\/p>\n<\/details>\n\n\n\n<p><\/p>","protected":false},"excerpt":{"rendered":"<p>\u00bfQu\u00e9 ocurre cuando la comunicaci\u00f3n se convierte en un obst\u00e1culo en lugar de un puente? Todos estamos de acuerdo: la comunicaci\u00f3n es la primera herramienta de trabajo para una gran cantidad de profesionales. Es el eje que mueve reuniones, proyectos y relaciones interpersonales en cualquier \u00e1mbito laboral. Sin embargo, \u00bfqu\u00e9 pasa cuando asumimos que comunicar es suficiente para conectar?<\/p>","protected":false},"author":1,"featured_media":0,"comment_status":"closed","ping_status":"open","sticky":false,"template":"","format":"standard","meta":{"_eb_attr":"","footnotes":""},"categories":[12],"tags":[],"class_list":["post-690","post","type-post","status-publish","format-standard","hentry","category-noticies"],"_links":{"self":[{"href":"https:\/\/www.ydros.com\/en\/wp-json\/wp\/v2\/posts\/690","targetHints":{"allow":["GET"]}}],"collection":[{"href":"https:\/\/www.ydros.com\/en\/wp-json\/wp\/v2\/posts"}],"about":[{"href":"https:\/\/www.ydros.com\/en\/wp-json\/wp\/v2\/types\/post"}],"author":[{"embeddable":true,"href":"https:\/\/www.ydros.com\/en\/wp-json\/wp\/v2\/users\/1"}],"replies":[{"embeddable":true,"href":"https:\/\/www.ydros.com\/en\/wp-json\/wp\/v2\/comments?post=690"}],"version-history":[{"count":3,"href":"https:\/\/www.ydros.com\/en\/wp-json\/wp\/v2\/posts\/690\/revisions"}],"predecessor-version":[{"id":697,"href":"https:\/\/www.ydros.com\/en\/wp-json\/wp\/v2\/posts\/690\/revisions\/697"}],"wp:attachment":[{"href":"https:\/\/www.ydros.com\/en\/wp-json\/wp\/v2\/media?parent=690"}],"wp:term":[{"taxonomy":"category","embeddable":true,"href":"https:\/\/www.ydros.com\/en\/wp-json\/wp\/v2\/categories?post=690"},{"taxonomy":"post_tag","embeddable":true,"href":"https:\/\/www.ydros.com\/en\/wp-json\/wp\/v2\/tags?post=690"}],"curies":[{"name":"wp","href":"https:\/\/api.w.org\/{rel}","templated":true}]}}